{"id":51751,"date":"2026-04-16T09:49:12","date_gmt":"2026-04-16T07:49:12","guid":{"rendered":"https:\/\/teknei.com\/blog\/tekneik-bat-egin-du-odigo-cxdayrekin-babesle-eta-hizlari-bezala\/"},"modified":"2026-04-28T11:36:18","modified_gmt":"2026-04-28T09:36:18","slug":"tekneik-bat-egin-du-odigo-cxdayrekin-babesle-eta-hizlari-bezala","status":"publish","type":"post","link":"https:\/\/teknei.com\/eu\/blog\/tekneik-bat-egin-du-odigo-cxdayrekin-babesle-eta-hizlari-bezala\/","title":{"rendered":"Tekneik bat egin du Odigo CXDayrekin babesle eta hizlari bezala"},"content":{"rendered":"\n<p>Tekneik <strong>babesle eta hizlari <\/strong>gisa parte hartuko du datorren <strong>apirilaren 22an Madrilen<\/strong> ospatuko den <strong>Odigo CXDay<\/strong>ren edizio berri batean. Ezinbesteko hitzordua<strong> Customer Experience,<\/strong> berrikuntza eta bezero eta herritarrekiko harremanari aplikatutako teknologiako profesionalentzat. <\/p>\n\n<p>Aurtengo edizioak, gainera, oso esanahi berezia du: <strong>Odigo taldeak 40. urteurrena ospatzen du,<\/strong> eta<strong> &#8220;Movida Madrile\u00f1a&#8221; <\/strong>bezala ezaguna den mugimenduaren espirituan oinarritutako ekitaldi bat antolatu du horretarako, aldaketez, sormenez eta gauzak egiteko modu berriez betetako garaia. CXaren orainari eta etorkizunari buruz hausnartzeko paralelismo ezin hobea, etengabeko eraldaketaren testuinguruan. <\/p>\n\n<p>Topaketa <strong>Eslava Antzokian<\/strong> izango da, Madrilgo gune ikoniko batean, eta<strong> Sara Escuderok<\/strong> gidatuko du bere energia eta umorea eskainiz bezeroari arreta, berrikuntza eta bikaintasun operatiboa inspiratzeko, esperientziak partekatzeko eta joerak aurreratzeko pentsatutako jardunaldiari.<\/p>\n\n<p>Tekneitik, ekitaldia babesle gisa laguntzeaz gain, <strong>aktiboki parte hartuko dugu agendan hizlari gisa<\/strong>, Customer Experience kasuetan dugun gure ikuspegia eta esperientzia partekatuz. Zehazki, <strong>arrakasta kasu bat aurkeztuko dugu gure partner Odigo eta Getxoko Udalarekin batera, <\/strong>&#8220;Teknologia herritarren zerbitzura&#8221; izenburupean. <\/p>\n\n<p>Saio honetan, herritarren arretari aplikatutako teknologiak harreman-eredu eraginkorragoak, eskuragarriagoak eta pertsonengan zentratuak nola eraikitzen diren aztertuko dugu. Ponentzian Getxoko Udaleko Eraldaketa Digitaleko zinegotzi <strong>Zaloa Campillok <\/strong>eta Tekneiko Customer Experienceko zuzendari exekutiboa den <strong>Javier Calerak<\/strong> parte hartuko dute, eta proiektuaren esperientzia, aurre egindako erronkak eta lortutako emaitzak partekatuko dituzte zuzenean. <\/p>\n\n<p>CXDay Odea aukera paregabea da sektoreko beste profesional batzuekin konektatzeko, benetako kasuak ezagutzeko, joera berriak aurkitzeko eta CXren egungo eta etorkizuneko erronkei buruz eztabaidatzeko, gero eta ingurune digitalago eta zorrotzagoan.<\/p>\n\n<p>Gurekin etorri eta edizio berezi hau bizi nahi baduzu, <strong>izena eman dezakezu Tekneik prestatutako estekaren bidez:<\/strong><\/p>\n\n<div class=\"wp-block-buttons is-content-justification-center is-layout-flex wp-container-core-buttons-is-layout-16018d1d wp-block-buttons-is-layout-flex\">\n<div class=\"wp-block-button\"><a class=\"wp-block-button__link wp-element-button\" href=\"https:\/\/odigo.com\/es\/event\/cxday-2026\/?utm_network=es&amp;utm_campaign=ESCXDay2026&amp;utm_medium=email&amp;utm_source=Teknei&amp;utm_content=event\" target=\"_blank\" rel=\"noreferrer noopener\">Izena eman<span class=\"button-inner\"><\/span><\/a><\/div>\n<\/div>\n\n<p>Nos encantar\u00e1 verte all\u00ed y compartir contigo una jornada llena de ideas, inspiraci\u00f3n y, c\u00f3mo no, Customer Experience.<\/p>\n\n<hr class=\"wp-block-separator has-alpha-channel-opacity\"\/>\n\n<p><\/p>\n","protected":false},"excerpt":{"rendered":"<p>Tekneik babesle eta hizlari gisa parte hartuko du datorren apirilaren 22an Madrilen ospatuko den Odigo CXDayren edizio berri batean. Ezinbesteko hitzordua Customer Experience, berrikuntza eta bezero eta herritarrekiko harremanari aplikatutako teknologiako profesionalentzat. Aurtengo edizioak, gainera, oso esanahi berezia du: Odigo taldeak&#8230;<\/p>\n","protected":false},"author":3,"featured_media":51750,"comment_status":"closed","ping_status":"closed","sticky":false,"template":"","format":"standard","meta":{"_acf_changed":false,"footnotes":""},"categories":[224],"tags":[],"class_list":["post-51751","post","type-post","status-publish","format-standard","has-post-thumbnail","hentry","category-teknei-eu"],"acf":[],"_links":{"self":[{"href":"https:\/\/teknei.com\/eu\/wp-json\/wp\/v2\/posts\/51751","targetHints":{"allow":["GET"]}}],"collection":[{"href":"https:\/\/teknei.com\/eu\/wp-json\/wp\/v2\/posts"}],"about":[{"href":"https:\/\/teknei.com\/eu\/wp-json\/wp\/v2\/types\/post"}],"author":[{"embeddable":true,"href":"https:\/\/teknei.com\/eu\/wp-json\/wp\/v2\/users\/3"}],"replies":[{"embeddable":true,"href":"https:\/\/teknei.com\/eu\/wp-json\/wp\/v2\/comments?post=51751"}],"version-history":[{"count":1,"href":"https:\/\/teknei.com\/eu\/wp-json\/wp\/v2\/posts\/51751\/revisions"}],"predecessor-version":[{"id":51752,"href":"https:\/\/teknei.com\/eu\/wp-json\/wp\/v2\/posts\/51751\/revisions\/51752"}],"wp:featuredmedia":[{"embeddable":true,"href":"https:\/\/teknei.com\/eu\/wp-json\/wp\/v2\/media\/51750"}],"wp:attachment":[{"href":"https:\/\/teknei.com\/eu\/wp-json\/wp\/v2\/media?parent=51751"}],"wp:term":[{"taxonomy":"category","embeddable":true,"href":"https:\/\/teknei.com\/eu\/wp-json\/wp\/v2\/categories?post=51751"},{"taxonomy":"post_tag","embeddable":true,"href":"https:\/\/teknei.com\/eu\/wp-json\/wp\/v2\/tags?post=51751"}],"curies":[{"name":"wp","href":"https:\/\/api.w.org\/{rel}","templated":true}]}}